{"id":621,"date":"2019-04-09T21:46:53","date_gmt":"2019-04-09T19:46:53","guid":{"rendered":"http:\/\/cameratamazovia.pl\/?p=621"},"modified":"2019-04-09T21:56:50","modified_gmt":"2019-04-09T19:56:50","slug":"magdalena-wisniewska","status":"publish","type":"post","link":"https:\/\/cameratamazovia.pl\/?p=621","title":{"rendered":"Magdalena Wi\u015bniewska"},"content":{"rendered":"\n<p class=\"has-drop-cap has-medium-font-size\">Urodzi\u0142a si\u0119 20 wrze\u015bnia 1994 roku w Skierniewicach. Nauk\u0119 gry na skrzypcach rozpocz\u0119\u0142a w wieku sze\u015bciu lat w Pa\u0144stwowej Szkole Muzycznej I stopnia  im. F. Chopina w Skierniewicach. W 2018 roku uko\u0144czy\u0142a Akademi\u0119 Muzyczn\u0105 im Gra\u017cyny i Kiejstuta Bacewicz\u00f3w w \u0141odzi w klasie prof. Anny W\u00f3dki \u2013 Janikowskiej. <\/p>\n\n\n\n<p class=\"has-medium-font-size\">Umiej\u0119tno\u015bci doskonali\u0142a na Mi\u0119dzynarodowych Kursach im. Zenona Brzewskiego w \u0141a\u0144cucie pod kierunkiem profesor\u00f3w: Anny Gutowskiej, Izabeli Cegli\u0144skiej, Ewy Kowar \u2013 Miko\u0142ajczyk. Tam te\u017c w roku 2014 by\u0142a koncertmistrzem orkiestry kameralnej pod batut\u0105 Wojciecha Rodka. Wsp\u00f3\u0142pracowa\u0142a mi\u0119dzy innymi z Orkiestr\u0105 Akademii Muzycznej w \u0141odzi, Orkiestr\u0105 Teatru Nowego w \u0141odzi, Orkiestr\u0105 Festiwalu Muzyki Romantycznej w Skierniewicach. Bra\u0142a udzia\u0142 w warsztatach wykonawstwa muzyki dawnej prowadzonych przez prof. Zbigniewa Pilcha oraz kursie mistrzowskim dla student\u00f3w Akademii Muzycznej w \u0141odzi prowadzonym przez prof. Monik\u0119 Urbaniak \u2013 Lisik oraz Katalin Kokas. <\/p>\n\n\n\n<p class=\"has-medium-font-size\">Wyst\u0119powa\u0142a jako solistka i kameralistka w Sali Balowej w \u0141a\u0144cucie, Pa\u0142acu Prymasowskim w Skierniewicach, Izbie Historii Skierniewic, Filharmonii \u0142\u00f3dzkiej, Teatrze Wielkim w \u0141odzi oraz w Teatrze Curci w Barletcie. W 2015 zaj\u0119\u0142a drugie miejsce w 25. Mi\u0119dzynarodowym Konkursie \u201eCitt\u00e0 di Barletta\u201d we w\u0142oskiej Barletcie, gdzie by\u0142a najm\u0142odsz\u0105 uczestniczk\u0105 w kategorii E (dla urodzonych mi\u0119dzy 1985 a 1992 rokiem). Obecnie prowadzi klas\u0119 skrzypiec w Szkole Muzycznej im F. Chopina w Skierniewicach.<\/p>\n\n\n\n<figure class=\"wp-block-image\"><img fetchpriority=\"high\" decoding=\"async\" width=\"721\" height=\"1024\" src=\"http:\/\/cameratamazovia.pl\/wp-content\/uploads\/2019\/04\/magdalena_wisniewska-1-721x1024.jpg\" alt=\"\" class=\"wp-image-622\" srcset=\"https:\/\/cameratamazovia.pl\/wp-content\/uploads\/2019\/04\/magdalena_wisniewska-1-721x1024.jpg 721w, https:\/\/cameratamazovia.pl\/wp-content\/uploads\/2019\/04\/magdalena_wisniewska-1-211x300.jpg 211w, https:\/\/cameratamazovia.pl\/wp-content\/uploads\/2019\/04\/magdalena_wisniewska-1-768x1091.jpg 768w, https:\/\/cameratamazovia.pl\/wp-content\/uploads\/2019\/04\/magdalena_wisniewska-1-800x1137.jpg 800w, https:\/\/cameratamazovia.pl\/wp-content\/uploads\/2019\/04\/magdalena_wisniewska-1.jpg 1795w\" sizes=\"(max-width: 721px) 100vw, 721px\" \/><\/figure>\n","protected":false},"excerpt":{"rendered":"<p>Urodzi\u0142a si\u0119 20 wrze\u015bnia 1994 roku w Skierniewicach. Nauk\u0119 gry na skrzypcach rozpocz\u0119\u0142a w wieku sze\u015bciu lat w Pa\u0144stwowej Szkole Muzycznej I stopnia im. F. Chopina w Skierniewicach. W 2018 roku uko\u0144czy\u0142a Akademi\u0119 Muzyczn\u0105 im Gra\u017cyny i Kiejstuta Bacewicz\u00f3w w \u0141odzi w klasie prof. Anny W\u00f3dki \u2013 Janikowskiej. Umiej\u0119tno\u015bci doskonali\u0142a na Mi\u0119dzynarodowych Kursach im. Zenona Brzewskiego w \u0141a\u0144cucie pod kierunkiem&hellip;<\/p>\n","protected":false},"author":1,"featured_media":0,"comment_status":"closed","ping_status":"closed","sticky":false,"template":"","format":"standard","meta":{"footnotes":""},"categories":[1],"tags":[],"class_list":["post-621","post","type-post","status-publish","format-standard","hentry","category-bez-kategorii"],"_links":{"self":[{"href":"https:\/\/cameratamazovia.pl\/index.php?rest_route=\/wp\/v2\/posts\/621","targetHints":{"allow":["GET"]}}],"collection":[{"href":"https:\/\/cameratamazovia.pl\/index.php?rest_route=\/wp\/v2\/posts"}],"about":[{"href":"https:\/\/cameratamazovia.pl\/index.php?rest_route=\/wp\/v2\/types\/post"}],"author":[{"embeddable":true,"href":"https:\/\/cameratamazovia.pl\/index.php?rest_route=\/wp\/v2\/users\/1"}],"replies":[{"embeddable":true,"href":"https:\/\/cameratamazovia.pl\/index.php?rest_route=%2Fwp%2Fv2%2Fcomments&post=621"}],"version-history":[{"count":2,"href":"https:\/\/cameratamazovia.pl\/index.php?rest_route=\/wp\/v2\/posts\/621\/revisions"}],"predecessor-version":[{"id":625,"href":"https:\/\/cameratamazovia.pl\/index.php?rest_route=\/wp\/v2\/posts\/621\/revisions\/625"}],"wp:attachment":[{"href":"https:\/\/cameratamazovia.pl\/index.php?rest_route=%2Fwp%2Fv2%2Fmedia&parent=621"}],"wp:term":[{"taxonomy":"category","embeddable":true,"href":"https:\/\/cameratamazovia.pl\/index.php?rest_route=%2Fwp%2Fv2%2Fcategories&post=621"},{"taxonomy":"post_tag","embeddable":true,"href":"https:\/\/cameratamazovia.pl\/index.php?rest_route=%2Fwp%2Fv2%2Ftags&post=621"}],"curies":[{"name":"wp","href":"https:\/\/api.w.org\/{rel}","templated":true}]}}