{"id":615,"date":"2019-04-09T21:42:35","date_gmt":"2019-04-09T19:42:35","guid":{"rendered":"http:\/\/cameratamazovia.pl\/?p=615"},"modified":"2019-04-09T22:12:03","modified_gmt":"2019-04-09T20:12:03","slug":"robert-stefanski","status":"publish","type":"post","link":"https:\/\/cameratamazovia.pl\/?p=615","title":{"rendered":"Robert Stefa\u0144ski"},"content":{"rendered":"\n<p class=\"has-drop-cap has-medium-font-size\">Uko\u0144czy\u0142\nz wyr\u00f3\u017cnieniem studia na wydziale instrumentalnym Akademii\nMuzycznej im. Gra\u017cyny i Kiejstuta Bacewicz\u00f3w w \u0141odzi w klasie\nklarnetu starszego wyk\u0142adowcy Ryszarda Ryczla (2005). Jest\nabsolwentem studi\u00f3w podyplomowych w Akademii Muzycznej im. Karola\nSzymanowskiego w Katowicach w klasie klarnetu prof. Andrzeja\nJanickiego.&nbsp; Swoje umiej\u0119tno\u015bci doskonali\u0142, m.in.: na\nmi\u0119dzynarodowych letnich kursach i konkursach interpretacji\ninstrument\u00f3w d\u0119tych w Dusznikach Zdroju, pod kierunkiem prof.\nMieczys\u0142awa Stachury i prof. Diethelma K\u00fchna, a tak\u017ce u innych\nznakomito\u015bci artystycznych jak: Eduard Brunner, Oriol Romani,\nMatthias M\u00fcller, Floreunt H\u00ebau, Antonio Soiote, Valter  Vitek,\nMiros\u0142aw Pokrzywi\u0144ski, Jan Jakub Bokun, Arkadiusz Adamski,\nAleksander  Roma\u0144ski.&nbsp;<\/p>\n\n\n\n<p class=\"has-medium-font-size\"><br>Na\nog\u00f3lnopolskich i mi\u0119dzynarodowych konkursach i festiwalach zdobywa\u0142\nnagrody i wyr\u00f3\u017cnienia wyst\u0119puj\u0105c jako solista i kameralista:\nKonkurs M\u0142odego Muzyka w Szczecinku (1994) &#8211; I miejsce, (1996) &#8211; II\nmiejsce; Og\u00f3lnopolskie Przes\u0142uchania Instrument\u00f3w D\u0119tych w\nOlsztynie (2000) &#8211; III miejsce; Og\u00f3lnopolski Konkurs Muzyki\nFrancuskiej w \u0141odzi (1999) &#8211; III nagroda; Mi\u0119dzynarodowy Festiwal i\nKonkurs Indywidualno\u015bci Muzycznych im. A. Tansmana w \u0141odzi (2002) i\n(2008) \u2013 finalista; Mi\u0119dzynarodowy Konkurs Muzyki Kameralnej im.\nKiejstuta Bacewicza w \u0141odzi (2007) &#8211; II nagroda, (2010) \u2013\nfinalista; Festiwal Klarnetowy w Piotrkowie Trybunalskim (1995) &#8211; I\nmiejsce (kategoria kameralna), wyr\u00f3\u017cnienie (kategoria solowa),\n(2001) &#8211; III miejsce (kategoria kameralna), wyr\u00f3\u017cnienie (kategoria\nsolowa), (2003) &#8211; II miejsce (kategoria kameralna), II miejsce\n(kategoria solowa).<\/p>\n\n\n\n<p class=\"has-medium-font-size\"><br>Wsp\u00f3\u0142pracuje z Polsk\u0105 Oper\u0105 Kameraln\u0105, Filharmoni\u0105 Radiow\u0105 \u201eNew Art.\u201d, Orkiestr\u0105 Kameraln\u0105 \u201eCamerata  Mazovia\u201d, Polsk\u0105 Oper\u0105 Kameraln\u0105, Radomsk\u0105 Orkiestr\u0105 Kameraln\u0105 oraz z Filharmoni\u0105 \u0141\u00f3dzk\u0105. Jest za\u0142o\u017cycielem i cz\u0142onkiem \u201eAcustico Duo\u201d, \u201eBacewicz Duo\u201d,  \u201eDuetu rodzinnego, \u201d \u201eJedyne Takie Trio\u201d oraz \u201eSubito Quartet\u201d. Dokona\u0142 kilkudziesi\u0119ciu  prawykona\u0144 utwor\u00f3w wsp\u00f3\u0142czesnych kompozytor\u00f3w. Bierze udzia\u0142 w pracach jury konkurs\u00f3w og\u00f3lnopolskich, regionalnych i wojew\u00f3dzkich instrument\u00f3w d\u0119tych i zespo\u0142\u00f3w kameralnych.<\/p>\n\n\n\n<p class=\"has-medium-font-size\">Kilkakrotnie wyst\u0119powa\u0142 jako solista z Big-Bandem Akademii Muzycznej w \u0141odzi prowadzonym przez ad. Jacka Delonga, Filharmoni\u0105 \u0141\u00f3dzk\u0105, Orkiestr\u0105 Muzyki Nowej i  Orkiestr\u0105 Kameraln\u0105 \u201eCamerata Mazovia\u201d.  Dokona\u0142 nagra\u0144 dla Radia \u0141\u00f3d\u017a oraz Programu II Polskiego Radia. Jego nagrania znajduj\u0105 si\u0119 na kilku p\u0142ytach wydanych przez Akademi\u0119 Muzyczn\u0105 po\u015bwi\u0119conych tw\u00f3rczo\u015bci F. Poulenca, J. Brahmsa, B. K. Przybylskiego, T. Szczepanika, S. Zamuszki oraz w kronice Warszawskiej Jesieni.<\/p>\n\n\n\n<p class=\"has-medium-font-size\">W 2012 roku uzyska\u0142 stopie\u0144  doktora sztuki, a w 2017 stopie\u0144 doktora habilitowanego. Obecnie pracuje na stanowisku adiunkta w Akademii Muzycznej im. G. i K. Bacewicz\u00f3w w \u0141odzi oraz w Pa\u0144stwowej Szkole Muzycznej I stopnia w Zgierzu.  <\/p>\n\n\n\n<p class=\"has-large-font-size\"><strong>Robert Stefa\u0144ski<\/strong><\/p>\n\n\n\n<p class=\"has-drop-cap has-medium-font-size\">He\ngraduated with honors from the Gra\u017cyna and Kiejstut Bacewicz Academy\nof Music in \u0141\u00f3d\u017a, in the clarinet class of the senior lecturer\nRyszard Ryczel, in 2005. He also completed postgraduate studies at\nthe Karol Szymanowski Academy of Music in Katowice, in the clarinet\nclass of Prof. Andrzej Janicki.<\/p>\n\n\n\n<p class=\"has-medium-font-size\">He\nhas honed his skills at, inter alia, international summer courses and\nmusic interpretation competitions for wind instruments in\nDuszniki-Zdr\u00f3j, held by Prof. Mieczys\u0142aw Stachura and Prof.\nDiethelm K\u00fchn as well as other renowned artists, such as Eduard\nBrunner, Oriol Romani, Matthias M\u00fcller, Florent H\u00ebau, Antonio\nSoiote, Valter Vitek, Miros\u0142aw Pokrzywi\u0144ski, Jan Jakub Bokun,\nArkadiusz Adamski, Aleksander Roma\u0144ski.<\/p>\n\n\n\n<p class=\"has-medium-font-size\">He\nis a prizewinner of national and international music competitions,\nwhere he performed as a soloist and chamber musician: the Young\nMusician Competition in Szczecinek (1994 \u2013 1<sup>st<\/sup>\nprize, 1996 \u2013 2<sup>nd<\/sup>\nprize), the All-Polish Auditions for Wind Instruments in Olsztyn\n(2000 \u2013 3<sup>rd<\/sup>\nprize), the All-Polish French Music Competition in \u0141\u00f3d\u017a (1999 \u2013\n3<sup>rd<\/sup>\nprize), the International Tansman Festival and Competition of Musical\nIndividualities in \u0141\u00f3d\u017a (2002 \u2013 finalist; 2008), the\nInternational Kiejstut Bacewicz Chamber Music Competition in \u0141\u00f3d\u017a\n(2007 \u2013 2<sup>nd<\/sup>\nprize, 2010 \u2013 finalist), the Clarinet Festival in Piotrk\u00f3w\nTrybunalski (1995 \u2013 1<sup>st<\/sup>\nprize in chamber category and honorary mention as a soloist, 2001-\n3<sup>rd<\/sup>\nprize in chamber category and honorary mention as a soloist , 2003 \u2013\n2<sup>nd<\/sup>\nprize both in chamber and solo category).<\/p>\n\n\n\n<p class=\"has-medium-font-size\">He\ncooperates with the Polish Chamber Orchestra, the \u2018New Art\u2019 Radio\nPhilharmonic, the Camerata Mazovia Chamber Orchestra, the Polish\nChamber Opera, the Chamber Orchestra of Radom and the Philharmonic of\n\u0141\u00f3d\u017a. He is a founder and member of the following ensembles:\n\u2018Acoustic Duo\u2019, \u2018Bacewicz Duo\u2019, \u2018Family Duo\u2019, \u2018Jedyne\nTakie Trio\u2019 and \u2018Subito Quartet\u2019. He has given several dozen\npremieres of contemporary music pieces. He is a jury member of\nall-Polish and regional competitions for wind instruments and chamber\nensembles. \n<\/p>\n\n\n\n<p class=\"has-medium-font-size\">He\nhas performed as a soloist with the Big Band of the Academy of Music\nin \u0141\u00f3d\u017a, directed by Jacek Delong, the \u0141\u00f3d\u017a Philharmonic, the\nNew Music Orchestra and the Camerata Mazovia Chamber Orchestra. He\nhas recorded music for the \u0141\u00f3d\u017a Radio and Channel 2 of the Polish\nRadio. His recordings can be found on a few CDs, featuring works of\nF. Poulenc, J. Brahms, B. K. Przybylski, T. Szczepanik, S. Zamuszko,\npublished by the Academy of Music in \u0141\u00f3d\u017a and the Warsaw Autumn\nFestival chronicles.<\/p>\n\n\n\n<p class=\"has-medium-font-size\">In\n2012, he got a doctoral degree in music arts (DA) and in 2017 \u2013\nhabilitated doctor degree (DA hab). Currently, he works on the\nposition of <em>adiunkt<\/em>\n<\/p>\n\n\n\n<p class=\"has-medium-font-size\">In 2012, he got a doctoral degree in music arts (DA) and in 2017 \u2013 habilitated doctor degree (DA hab). Currently, he works on the position of <em>adiunkt<\/em> (assistant professor) at the Gra\u017cyna and Kiejstut Bacewicz Academy of Music in \u0141\u00f3d\u017a; he also teaches at the State Primary Music School in Zgierz. <\/p>\n\n\n\n<figure class=\"wp-block-image\"><img fetchpriority=\"high\" decoding=\"async\" width=\"603\" height=\"900\" src=\"http:\/\/cameratamazovia.pl\/wp-content\/uploads\/2019\/04\/Robert_Stefanski_2017.jpg\" alt=\"\" class=\"wp-image-617\" srcset=\"https:\/\/cameratamazovia.pl\/wp-content\/uploads\/2019\/04\/Robert_Stefanski_2017.jpg 603w, https:\/\/cameratamazovia.pl\/wp-content\/uploads\/2019\/04\/Robert_Stefanski_2017-201x300.jpg 201w\" sizes=\"(max-width: 603px) 100vw, 603px\" \/><\/figure>\n","protected":false},"excerpt":{"rendered":"<p>Uko\u0144czy\u0142 z wyr\u00f3\u017cnieniem studia na wydziale instrumentalnym Akademii Muzycznej im. Gra\u017cyny i Kiejstuta Bacewicz\u00f3w w \u0141odzi w klasie klarnetu starszego wyk\u0142adowcy Ryszarda Ryczla (2005). Jest absolwentem studi\u00f3w podyplomowych w Akademii Muzycznej im. Karola Szymanowskiego w Katowicach w klasie klarnetu prof. Andrzeja Janickiego.&nbsp; Swoje umiej\u0119tno\u015bci doskonali\u0142, m.in.: na mi\u0119dzynarodowych letnich kursach i konkursach interpretacji instrument\u00f3w d\u0119tych w Dusznikach Zdroju, pod kierunkiem&hellip;<\/p>\n","protected":false},"author":1,"featured_media":0,"comment_status":"closed","ping_status":"closed","sticky":false,"template":"","format":"standard","meta":{"footnotes":""},"categories":[1],"tags":[],"class_list":["post-615","post","type-post","status-publish","format-standard","hentry","category-bez-kategorii"],"_links":{"self":[{"href":"https:\/\/cameratamazovia.pl\/index.php?rest_route=\/wp\/v2\/posts\/615","targetHints":{"allow":["GET"]}}],"collection":[{"href":"https:\/\/cameratamazovia.pl\/index.php?rest_route=\/wp\/v2\/posts"}],"about":[{"href":"https:\/\/cameratamazovia.pl\/index.php?rest_route=\/wp\/v2\/types\/post"}],"author":[{"embeddable":true,"href":"https:\/\/cameratamazovia.pl\/index.php?rest_route=\/wp\/v2\/users\/1"}],"replies":[{"embeddable":true,"href":"https:\/\/cameratamazovia.pl\/index.php?rest_route=%2Fwp%2Fv2%2Fcomments&post=615"}],"version-history":[{"count":4,"href":"https:\/\/cameratamazovia.pl\/index.php?rest_route=\/wp\/v2\/posts\/615\/revisions"}],"predecessor-version":[{"id":632,"href":"https:\/\/cameratamazovia.pl\/index.php?rest_route=\/wp\/v2\/posts\/615\/revisions\/632"}],"wp:attachment":[{"href":"https:\/\/cameratamazovia.pl\/index.php?rest_route=%2Fwp%2Fv2%2Fmedia&parent=615"}],"wp:term":[{"taxonomy":"category","embeddable":true,"href":"https:\/\/cameratamazovia.pl\/index.php?rest_route=%2Fwp%2Fv2%2Fcategories&post=615"},{"taxonomy":"post_tag","embeddable":true,"href":"https:\/\/cameratamazovia.pl\/index.php?rest_route=%2Fwp%2Fv2%2Ftags&post=615"}],"curies":[{"name":"wp","href":"https:\/\/api.w.org\/{rel}","templated":true}]}}